{"id":13328,"date":"2026-04-30T18:57:51","date_gmt":"2026-04-30T16:57:51","guid":{"rendered":"https:\/\/www.mfv-oederan.de\/WEB\/?p=13328"},"modified":"2026-04-30T20:03:27","modified_gmt":"2026-04-30T18:03:27","slug":"termine-modellflugverein-oederan-e-v","status":"publish","type":"post","link":"https:\/\/www.mfv-oederan.de\/WEB\/termine-modellflugverein-oederan-e-v\/","title":{"rendered":"Termine Modellflugverein Oederan e.V."},"content":{"rendered":"\n<p><\/p>\n\n\n\n\n\n<p><strong><mark style=\"background-color:rgba(0, 0, 0, 0)\" class=\"has-inline-color has-kubio-color-1-color\">Air Classic Sachsen<\/mark><\/strong> <\/p>\n\n\n\n<p><strong>Datum:<\/strong> Samstag, 30.5. 2026<\/p>\n\n\n\n<p><strong>Uhrzeit:<\/strong> ab 10:00 Uhr<\/p>\n\n\n\n<p><strong>Ort:<\/strong> Modellflugplatz Oederan, F\u00fcrstenweg<\/p>\n\n\n\n<p>Treffen der Freunde von Retro &amp; Classic Modellen aus den fr\u00fchen Jahren<br>des Modellflugs. Egal ob Eigenbau oder altbew\u00e4hrter Bausatz, egal<br>welche Antriebskonzepte &amp; Motoren. Egal ob Freiflug, mit<br>Zeitschaltuhr, Fesselflug oder Ferngesteuert. Alle sind willkommen!<\/p>\n\n\n\n<p><strong><mark style=\"background-color:rgba(0, 0, 0, 0)\" class=\"has-inline-color has-kubio-color-1-color\">Pilotentreffen 35 Jahre MFV Oederan<\/mark><\/strong><\/p>\n\n\n\n<p><strong>Datum:<\/strong> Samstag 4.7. bis Sonntag 5.7. 2026<\/p>\n\n\n\n<p><strong>Uhrzeit:<\/strong> Zeitplan folgt\/Programm folgt<\/p>\n\n\n\n<p><strong>Ort:<\/strong> Modellflugplatz Oederan, F\u00fcrstenweg<\/p>\n\n\n\n<p>Offenes Treffen f\u00fcr Freunde und Piloten anl\u00e4sslich des 35-j\u00e4hrigen<br>Bestehens unseres Vereins. Einladung an alle Freunde und Piloten von <br>Flugmodellen aller Art sich ohne Wettkampfstress bei guter Laune, <br>Witz und Spa\u00df in Oederan auf unserem Fluggel\u00e4nde zu treffen.<br>\u00dcbernachtung \/ Camping nach R\u00fccksprache m\u00f6glich.<\/p>\n\n\n\n<p><strong><mark style=\"background-color:rgba(0, 0, 0, 0)\" class=\"has-inline-color has-kubio-color-1-color\">Segelflug &amp; F-Schlepptreffen<\/mark><\/strong><\/p>\n\n\n\n<p><strong>Datum:<\/strong> Samstag 29.8. bis Sonntag 30.8. 2026<\/p>\n\n\n\n<p><strong>Uhrzeit:<\/strong> Zeitplan folgt\/Programm folgt<\/p>\n\n\n\n<p><strong>Ort:<\/strong> Modellflugplatz Oederan, F\u00fcrstenweg<\/p>\n\n\n\n<p>Treffen der Freunde von Segelflugmodellen aller Gr\u00f6\u00dfen und Bauarten.<br>Geflogen werden k\u00f6nnen dabei jegliche Segelflugmodelle, mit oder ohne<br>Antrieb. Es wird 3 Klassen geben: Scale &amp; Semiscale Segler sowie eine<br>Einsteigerklasse, jeweils f\u00fcr Modelle mit und ohne Antrieb.<br>Nennungen bitte per email an <strong>vorstand@mfv-oederan.de<\/strong> unter Angabe<br>von Klasse und Modell. \u00dcbernachtung \/ Camping nach R\u00fccksprache m\u00f6glich.<\/p>\n\n\n\n<p><\/p>\n","protected":false},"excerpt":{"rendered":"<p>Air Classic Sachsen Datum: Samstag, 30.5. 2026 Uhrzeit: ab 10:00 Uhr Ort: Modellflugplatz Oederan, F\u00fcrstenweg Treffen der Freunde von Retro &amp; Classic Modellen aus den fr\u00fchen Jahrendes Modellflugs. Egal ob Eigenbau oder altbew\u00e4hrter Bausatz, egalwelche Antriebskonzepte &amp; Motoren. Egal ob Freiflug, mitZeitschaltuhr, Fesselflug oder Ferngesteuert. Alle sind willkommen! Pilotentreffen 35 Jahre MFV Oederan Datum: Samstag [&hellip;]<\/p>\n","protected":false},"author":1,"featured_media":13322,"comment_status":"open","ping_status":"open","sticky":false,"template":"","format":"standard","meta":{"saved_in_kubio":false,"ngg_post_thumbnail":0,"footnotes":""},"categories":[1],"tags":[],"class_list":["post-13328","post","type-post","status-publish","format-standard","has-post-thumbnail","hentry","category-allgemein"],"_links":{"self":[{"href":"https:\/\/www.mfv-oederan.de\/WEB\/wp-json\/wp\/v2\/posts\/13328","targetHints":{"allow":["GET"]}}],"collection":[{"href":"https:\/\/www.mfv-oederan.de\/WEB\/wp-json\/wp\/v2\/posts"}],"about":[{"href":"https:\/\/www.mfv-oederan.de\/WEB\/wp-json\/wp\/v2\/types\/post"}],"author":[{"embeddable":true,"href":"https:\/\/www.mfv-oederan.de\/WEB\/wp-json\/wp\/v2\/users\/1"}],"replies":[{"embeddable":true,"href":"https:\/\/www.mfv-oederan.de\/WEB\/wp-json\/wp\/v2\/comments?post=13328"}],"version-history":[{"count":3,"href":"https:\/\/www.mfv-oederan.de\/WEB\/wp-json\/wp\/v2\/posts\/13328\/revisions"}],"predecessor-version":[{"id":13337,"href":"https:\/\/www.mfv-oederan.de\/WEB\/wp-json\/wp\/v2\/posts\/13328\/revisions\/13337"}],"wp:featuredmedia":[{"embeddable":true,"href":"https:\/\/www.mfv-oederan.de\/WEB\/wp-json\/wp\/v2\/media\/13322"}],"wp:attachment":[{"href":"https:\/\/www.mfv-oederan.de\/WEB\/wp-json\/wp\/v2\/media?parent=13328"}],"wp:term":[{"taxonomy":"category","embeddable":true,"href":"https:\/\/www.mfv-oederan.de\/WEB\/wp-json\/wp\/v2\/categories?post=13328"},{"taxonomy":"post_tag","embeddable":true,"href":"https:\/\/www.mfv-oederan.de\/WEB\/wp-json\/wp\/v2\/tags?post=13328"}],"curies":[{"name":"wp","href":"https:\/\/api.w.org\/{rel}","templated":true}]}}